{"id":883,"date":"2020-09-01T18:54:29","date_gmt":"2020-09-01T16:54:29","guid":{"rendered":"https:\/\/isf.edu.ar\/colegio2020\/?p=883"},"modified":"2020-09-25T03:06:01","modified_gmt":"2020-09-25T01:06:01","slug":"vias-de-comunicacion","status":"publish","type":"post","link":"https:\/\/isf.edu.ar\/colegio2020\/2020\/09\/01\/vias-de-comunicacion\/","title":{"rendered":"M\u00e1s v\u00edas de comunicaci\u00f3n"},"content":{"rendered":"\n<p>Aqu\u00ed se detallan las v\u00edas de comunicaci\u00f3n seg\u00fan el nivel y el departamento a cual dirigirse seg\u00fan los tipos de consultas:<\/p>\n\n\n\n<p><span style=\"text-decoration: underline;\">Nivel Inicial y Primario<\/span><\/p>\n\n\n\n<p>Nivel Inicial: nivelinicial@isf.edu.ar <br>Nivel Primario: nivelprimario@isf.edu.ar<\/p>\n\n\n\n<p><span style=\"text-decoration: underline;\">Nivel Secundario<\/span><\/p>\n\n\n\n<p>Por consultas y solicitudes de <em><strong>vacantes 2021<\/strong><\/em>: vacantessec@isf.edu.ar<\/p>\n\n\n\n<p>Para comunicarse con los <strong><em>directivo<\/em><\/strong><em><strong>s<\/strong><\/em>: direccionsec@isf.edu.ar <\/p>\n\n\n\n<p>Para comunicarse con la <strong><em>secretar\u00eda<\/em><\/strong>: sagradasecret2020@gmail.com<\/p>\n\n\n\n<p>Para comunicarse con la <strong><em>precepto<\/em><\/strong><em><strong>r\u00eda:<\/strong><\/em><\/p>\n\n\n\n<div class=\"wp-block-group\"><div class=\"wp-block-group__inner-container is-layout-flow wp-block-group-is-layout-flow\">\n<figure class=\"wp-block-table aligncenter\"><table><tbody><tr><td class=\"has-text-align-center\" data-align=\"center\"><strong>Preceptores<\/strong><\/td><td class=\"has-text-align-center\" data-align=\"center\"><strong>Correo electr\u00f3nico<\/strong><\/td><\/tr><tr><td class=\"has-text-align-center\" data-align=\"center\">Soledad<\/td><td class=\"has-text-align-center\" data-align=\"center\">soledadpreceptora@isf.edu.ar<\/td><\/tr><tr><td class=\"has-text-align-center\" data-align=\"center\">Juan<\/td><td class=\"has-text-align-center\" data-align=\"center\">juanpreceptor@isf.edu.ar<\/td><\/tr><tr><td class=\"has-text-align-center\" data-align=\"center\">Diego<\/td><td class=\"has-text-align-center\" data-align=\"center\">diegopreceptor@isf.edu.ar<\/td><\/tr><tr><td class=\"has-text-align-center\" data-align=\"center\">Camila<\/td><td class=\"has-text-align-center\" data-align=\"center\">camilapreceptora@isf.edu.ar<\/td><\/tr><\/tbody><\/table><\/figure>\n<\/div><\/div>\n","protected":false},"excerpt":{"rendered":"<p>Aqu\u00ed se detallan las v\u00edas de comunicaci\u00f3n seg\u00fan el nivel y el departamento a cual dirigirse seg\u00fan los tipos de consultas: Nivel Inicial y Primario Nivel Inicial: nivelinicial@isf.edu.ar Nivel Primario: nivelprimario@isf.edu.ar Nivel Secundario Por consultas y solicitudes de vacantes 2021: vacantessec@isf.edu.ar Para comunicarse con los directivos: direccionsec@isf.edu.ar Para comunicarse con la secretar\u00eda: sagradasecret2020@gmail.com Para comunicarse&hellip;<\/p>\n","protected":false},"author":1,"featured_media":894,"comment_status":"open","ping_status":"open","sticky":false,"template":"template-full.php","format":"standard","meta":{"cybocfi_hide_featured_image":"yes","_jetpack_memberships_contains_paid_content":false,"footnotes":""},"categories":[8,9,7],"tags":[],"class_list":["post-883","post","type-post","status-publish","format-standard","has-post-thumbnail","hentry","category-noticias-nivel-inicial","category-noticias-nivel-primario","category-noticias-nivel-medio"],"gutentor_comment":0,"jetpack_featured_media_url":"https:\/\/isf.edu.ar\/colegio2020\/wp-content\/uploads\/2020\/09\/VIAS-DE-COMUNICACION.png","jetpack_sharing_enabled":true,"_links":{"self":[{"href":"https:\/\/isf.edu.ar\/colegio2020\/wp-json\/wp\/v2\/posts\/883","targetHints":{"allow":["GET"]}}],"collection":[{"href":"https:\/\/isf.edu.ar\/colegio2020\/wp-json\/wp\/v2\/posts"}],"about":[{"href":"https:\/\/isf.edu.ar\/colegio2020\/wp-json\/wp\/v2\/types\/post"}],"author":[{"embeddable":true,"href":"https:\/\/isf.edu.ar\/colegio2020\/wp-json\/wp\/v2\/users\/1"}],"replies":[{"embeddable":true,"href":"https:\/\/isf.edu.ar\/colegio2020\/wp-json\/wp\/v2\/comments?post=883"}],"version-history":[{"count":7,"href":"https:\/\/isf.edu.ar\/colegio2020\/wp-json\/wp\/v2\/posts\/883\/revisions"}],"predecessor-version":[{"id":890,"href":"https:\/\/isf.edu.ar\/colegio2020\/wp-json\/wp\/v2\/posts\/883\/revisions\/890"}],"wp:featuredmedia":[{"embeddable":true,"href":"https:\/\/isf.edu.ar\/colegio2020\/wp-json\/wp\/v2\/media\/894"}],"wp:attachment":[{"href":"https:\/\/isf.edu.ar\/colegio2020\/wp-json\/wp\/v2\/media?parent=883"}],"wp:term":[{"taxonomy":"category","embeddable":true,"href":"https:\/\/isf.edu.ar\/colegio2020\/wp-json\/wp\/v2\/categories?post=883"},{"taxonomy":"post_tag","embeddable":true,"href":"https:\/\/isf.edu.ar\/colegio2020\/wp-json\/wp\/v2\/tags?post=883"}],"curies":[{"name":"wp","href":"https:\/\/api.w.org\/{rel}","templated":true}]}}