{"id":563,"date":"2019-10-18T19:30:27","date_gmt":"2019-10-18T17:30:27","guid":{"rendered":"https:\/\/isf.edu.ar\/colegio2020\/?p=563"},"modified":"2020-09-28T22:14:18","modified_gmt":"2020-09-28T20:14:18","slug":"sagradas-noticias","status":"publish","type":"post","link":"https:\/\/isf.edu.ar\/colegio2020\/2019\/10\/18\/sagradas-noticias\/","title":{"rendered":"RADIO ESCOLAR"},"content":{"rendered":"\n<p>Es una radio escolar elaborada por los estudiantes y maestro del nivel inicial y primaria del Instituto Sagrada Familia de Cosqu\u00edn para difundir actividades, noticias, publicidades de inter\u00e9s general y para el pueblo coscoino y sus alrededor. Se encuentra dentro del proyecto de alfabetizaci\u00f3n inicial: recuperando voces.&nbsp;<\/p>\n\n\n\n<p class=\"has-text-align-center\"><a href=\"http:\/\/sagradanoticias.radiostream321.com\/\">(Desde aqu\u00ed podes escucharnos en directo)<\/a><\/p>\n\n\n\n<h2 class=\"wp-block-heading\">Transmisiones grabadas<\/h2>\n\n\n\n<p>Transmisi\u00f3n de Sala de 5 &#8211; Viernes 29\/11\/2019<\/p>\n\n\n\n<figure class=\"wp-block-audio\"><audio controls src=\"blob:https:\/\/isf.edu.ar\/9b9990b0-633a-499e-8ec3-b49811f1d9e9\"><\/audio><\/figure>\n\n\n\n<p>Transmisi\u00f3n de Primer Grado &#8211; Viernes 15\/11\/2019<\/p>\n\n\n\n<figure class=\"wp-block-audio\"><audio controls src=\"https:\/\/isf.edu.ar\/colegio2020\/wp-content\/uploads\/2019\/11\/radio-1\u00ba-grado-15-11-19.mp3\"><\/audio><\/figure>\n\n\n\n<p>Transmisi\u00f3n de 2A &#8211; Martes 05\/11\/2019<\/p>\n\n\n\n<figure class=\"wp-block-audio\"><audio controls src=\"https:\/\/isf.edu.ar\/colegio2020\/wp-content\/uploads\/2019\/11\/Radio-Escolar-martes-5-de-noviembre-Segundo-Grado-A.mp3\"><\/audio><\/figure>\n\n\n\n<p>Transmisi\u00f3n de 2B \u2013 Jueves 24\/10\/2019 <\/p>\n\n\n\n<figure class=\"wp-block-audio\"><audio controls src=\"https:\/\/isf.edu.ar\/colegio2020\/wp-content\/uploads\/2019\/10\/radio-2B-24-10-19.mp3\"><\/audio><\/figure>\n\n\n\n<p> Transmisi\u00f3n de 2A -Viernes 18\/10\/2019 <\/p>\n\n\n\n<figure class=\"wp-block-audio\"><audio controls src=\"https:\/\/isf.edu.ar\/colegio2020\/wp-content\/uploads\/2019\/09\/radio-2A-18-10-2019.mp3\"><\/audio><\/figure>\n\n\n\n<p>Transmisi\u00f3n de 4A \u2013 Jueves 26\/09\/2019<\/p>\n\n\n\n<figure class=\"wp-block-audio\"><audio controls src=\"https:\/\/isf.edu.ar\/colegio2020\/wp-content\/uploads\/2019\/10\/radio-4A-26-9-2019.mp3\"><\/audio><\/figure>\n\n\n\n<p>\n\nTransmisi\u00f3n de 4A \u2013 Jueves 5\/09\/2019\n\n<\/p>\n\n\n\n<figure class=\"wp-block-audio\"><audio controls src=\"https:\/\/isf.edu.ar\/colegio2020\/wp-content\/uploads\/2019\/10\/radio-4A-5-9-2019.mp3\"><\/audio><\/figure>\n","protected":false},"excerpt":{"rendered":"<p>Es una radio escolar elaborada por los estudiantes y maestro del nivel inicial y primaria del Instituto Sagrada Familia de Cosqu\u00edn para difundir actividades, noticias, publicidades de inter\u00e9s general y para el pueblo coscoino y sus alrededor. Se encuentra dentro del proyecto de alfabetizaci\u00f3n inicial: recuperando voces.&nbsp; (Desde aqu\u00ed podes escucharnos en directo) Transmisiones grabadas&hellip;<\/p>\n","protected":false},"author":1,"featured_media":1082,"comment_status":"open","ping_status":"open","sticky":false,"template":"","format":"standard","meta":{"cybocfi_hide_featured_image":"","_jetpack_memberships_contains_paid_content":false,"footnotes":""},"categories":[9,2],"tags":[17,18,16],"class_list":["post-563","post","type-post","status-publish","format-standard","has-post-thumbnail","hentry","category-noticias-nivel-primario","category-principal","tag-radio","tag-radio-escolar","tag-sagradas-noticias"],"gutentor_comment":0,"jetpack_featured_media_url":"https:\/\/isf.edu.ar\/colegio2020\/wp-content\/uploads\/2020\/09\/radio-escolar.jpg","jetpack_sharing_enabled":true,"_links":{"self":[{"href":"https:\/\/isf.edu.ar\/colegio2020\/wp-json\/wp\/v2\/posts\/563","targetHints":{"allow":["GET"]}}],"collection":[{"href":"https:\/\/isf.edu.ar\/colegio2020\/wp-json\/wp\/v2\/posts"}],"about":[{"href":"https:\/\/isf.edu.ar\/colegio2020\/wp-json\/wp\/v2\/types\/post"}],"author":[{"embeddable":true,"href":"https:\/\/isf.edu.ar\/colegio2020\/wp-json\/wp\/v2\/users\/1"}],"replies":[{"embeddable":true,"href":"https:\/\/isf.edu.ar\/colegio2020\/wp-json\/wp\/v2\/comments?post=563"}],"version-history":[{"count":6,"href":"https:\/\/isf.edu.ar\/colegio2020\/wp-json\/wp\/v2\/posts\/563\/revisions"}],"predecessor-version":[{"id":1087,"href":"https:\/\/isf.edu.ar\/colegio2020\/wp-json\/wp\/v2\/posts\/563\/revisions\/1087"}],"wp:featuredmedia":[{"embeddable":true,"href":"https:\/\/isf.edu.ar\/colegio2020\/wp-json\/wp\/v2\/media\/1082"}],"wp:attachment":[{"href":"https:\/\/isf.edu.ar\/colegio2020\/wp-json\/wp\/v2\/media?parent=563"}],"wp:term":[{"taxonomy":"category","embeddable":true,"href":"https:\/\/isf.edu.ar\/colegio2020\/wp-json\/wp\/v2\/categories?post=563"},{"taxonomy":"post_tag","embeddable":true,"href":"https:\/\/isf.edu.ar\/colegio2020\/wp-json\/wp\/v2\/tags?post=563"}],"curies":[{"name":"wp","href":"https:\/\/api.w.org\/{rel}","templated":true}]}}