{"id":454,"date":"2019-06-21T23:19:21","date_gmt":"2019-06-21T21:19:21","guid":{"rendered":"https:\/\/isf.edu.ar\/colegio2020\/?p=454"},"modified":"2020-09-28T22:22:19","modified_gmt":"2020-09-28T20:22:19","slug":"comunicado-del-nivel-secundario","status":"publish","type":"post","link":"https:\/\/isf.edu.ar\/colegio2020\/2019\/06\/21\/comunicado-del-nivel-secundario\/","title":{"rendered":"Comunicado del nivel secundario"},"content":{"rendered":"\n<p class=\"has-text-align-right\">Cosqu\u00edn, 21 de junio de 2019.<\/p>\n\n\n\n<p>A la Comunidad Educativa del Colegio e Instituto Sagrada Familia, y comunidad en general:<\/p>\n\n\n\n<p>En virtud de hechos ocurridos en la instituci\u00f3n \u2013notas encontradas (una, con una frase intimidante para el d\u00eda 21, a las 9 hs., sin destinatarios; y otra, pidiendo perd\u00f3n y aclarando que la anterior era una broma), ante la necesidad de llevar tranquilidad a todos los hogares, especialmente a los ni\u00f1os y j\u00f3venes de nuestra comunidad educativa, informamos que:<br>-Frente a diversos rumores generalizados, las autoridades del Colegio e Instituto llevaron a cabo los procedimientos pertinentes al caso: solicitud de asesoramiento a las Inspecciones de los distintos niveles, denuncia en la unidad judicial, di\u00e1logo con el comisario local, comunicado a las familias de los alumnos.<br>-La instituci\u00f3n en su conjunto ha sido v\u00edctima de un rumor que se ha propagado r\u00e1pidamente a trav\u00e9s del boca en boca y por medio del uso irresponsable de redes sociales por parte de un conjunto de adultos, amplificado por los medios masivos de comunicaci\u00f3n de la ciudad de Cosqu\u00edn. Sin fundamento emp\u00edrico, han generado las condiciones sociales de propagaci\u00f3n de un rumor altamente pernicioso.<br>-Esta situaci\u00f3n gener\u00f3 que, en el d\u00eda de la fecha, las autoridades policiales pongan en marcha durante la ma\u00f1ana los protocolos preventivos, en resguardo de la integridad de los miembros de la comunidad educativa.<br>-Este rumor en particular tiene origen en el hecho escolar primeramente mencionado, hecho ya esclarecido en su totalidad, articulando las medidas institucionales para un abordaje completo.<br>-Aclaramos que la seguridad y el normal funcionamiento institucional est\u00e1n garantizados.<br>Consideramos lamentable el uso irresponsable del lenguaje de algunos adultos y medios de comunicaci\u00f3n, quienes no se han acercado a la instituci\u00f3n para poder tener informaci\u00f3n veraz y acceder a los hechos. Esto ha da\u00f1ado a la comunidad educativa en su conjunto, especialmente al alumnado.<br>La instituci\u00f3n continuar\u00e1 trabajando en pos de una sana convivencia, basada en el uso responsable de la palabra, la comunicaci\u00f3n asertiva, el respeto mutuo y el cuidado del otro.<br>Agradecemos la difusi\u00f3n del presente comunicado.<\/p>\n\n\n\n<p class=\"has-text-align-right\"><strong>Equipo Directivo del Colegio e Instituto Sagrada Familia.<\/strong><\/p>\n","protected":false},"excerpt":{"rendered":"<p>Cosqu\u00edn, 21 de junio de 2019. A la Comunidad Educativa del Colegio e Instituto Sagrada Familia, y comunidad en general: En virtud de hechos ocurridos en la instituci\u00f3n \u2013notas encontradas (una, con una frase intimidante para el d\u00eda 21, a las 9 hs., sin destinatarios; y otra, pidiendo perd\u00f3n y aclarando que la anterior era&hellip;<\/p>\n","protected":false},"author":1,"featured_media":1060,"comment_status":"open","ping_status":"open","sticky":false,"template":"","format":"standard","meta":{"cybocfi_hide_featured_image":"","_jetpack_memberships_contains_paid_content":false,"footnotes":""},"categories":[7,2,1],"tags":[],"class_list":["post-454","post","type-post","status-publish","format-standard","has-post-thumbnail","hentry","category-noticias-nivel-medio","category-principal","category-sin-categoria"],"gutentor_comment":0,"jetpack_featured_media_url":"https:\/\/isf.edu.ar\/colegio2020\/wp-content\/uploads\/2020\/09\/Noticias-Secundario.jpg","jetpack_sharing_enabled":true,"_links":{"self":[{"href":"https:\/\/isf.edu.ar\/colegio2020\/wp-json\/wp\/v2\/posts\/454","targetHints":{"allow":["GET"]}}],"collection":[{"href":"https:\/\/isf.edu.ar\/colegio2020\/wp-json\/wp\/v2\/posts"}],"about":[{"href":"https:\/\/isf.edu.ar\/colegio2020\/wp-json\/wp\/v2\/types\/post"}],"author":[{"embeddable":true,"href":"https:\/\/isf.edu.ar\/colegio2020\/wp-json\/wp\/v2\/users\/1"}],"replies":[{"embeddable":true,"href":"https:\/\/isf.edu.ar\/colegio2020\/wp-json\/wp\/v2\/comments?post=454"}],"version-history":[{"count":2,"href":"https:\/\/isf.edu.ar\/colegio2020\/wp-json\/wp\/v2\/posts\/454\/revisions"}],"predecessor-version":[{"id":1089,"href":"https:\/\/isf.edu.ar\/colegio2020\/wp-json\/wp\/v2\/posts\/454\/revisions\/1089"}],"wp:featuredmedia":[{"embeddable":true,"href":"https:\/\/isf.edu.ar\/colegio2020\/wp-json\/wp\/v2\/media\/1060"}],"wp:attachment":[{"href":"https:\/\/isf.edu.ar\/colegio2020\/wp-json\/wp\/v2\/media?parent=454"}],"wp:term":[{"taxonomy":"category","embeddable":true,"href":"https:\/\/isf.edu.ar\/colegio2020\/wp-json\/wp\/v2\/categories?post=454"},{"taxonomy":"post_tag","embeddable":true,"href":"https:\/\/isf.edu.ar\/colegio2020\/wp-json\/wp\/v2\/tags?post=454"}],"curies":[{"name":"wp","href":"https:\/\/api.w.org\/{rel}","templated":true}]}}