{"id":43,"date":"2019-10-06T22:04:00","date_gmt":"2019-10-06T20:04:00","guid":{"rendered":"https:\/\/isf.edu.ar\/colegio2020\/informacion-nivel-superior\/"},"modified":"2021-11-10T20:53:30","modified_gmt":"2021-11-10T19:53:30","slug":"informacion-nivel-superior","status":"publish","type":"post","link":"https:\/\/isf.edu.ar\/colegio2020\/2019\/10\/06\/informacion-nivel-superior\/","title":{"rendered":"Informaci\u00f3n de carreras"},"content":{"rendered":"<h4 style=\"text-align: center;\"><span style=\"font-family: 'trebuchet ms', geneva;\"><strong>PROFESORADO DE EDUCACI\u00d3N INICIAL<\/strong><\/span><\/h4>\n<p style=\"text-align: justify;\"><span style=\"font-family: 'trebuchet ms', geneva;\"><strong><span style=\"text-decoration: underline;\">\u00bfQu\u00e9 hace un Profesor de Educaci\u00f3n Inicial?<\/span><\/strong><\/span><\/p>\n<p style=\"margin: 0px 0px 10px; text-align: justify;\"><span style=\"color: #000000; font-family: 'trebuchet ms', geneva;\">El profesor de Educaci\u00f3n Inicial, es un profesional capacitado para comprender la conducta del ni\u00f1o y realizar acciones pedag\u00f3gicamente fundadas para optimizar su desarrollo, estimular la creatividad, fomentar el esp\u00edritu de iniciativa, ense\u00f1ar contenidos y comprender las posibilidades de aprendizaje de los ni\u00f1os peque\u00f1os, perfeccionar y crear estrategias de intervenci\u00f3n did\u00e1cticas efectivas.<\/span><\/p>\n<p><span style=\"font-family: 'trebuchet ms', geneva;\"><strong><span style=\"text-decoration: underline;\">Desempe\u00f1o profesional:<\/span><\/strong><\/span><\/p>\n<p style=\"text-align: justify;\"><span style=\"font-size: 10pt; font-family: 'trebuchet ms', geneva; color: #000000;\">El egresado en Nivel Inicial puede desempe\u00f1arse tanto en Jardines Maternales como en Jardines de Infantes, yaque desde nuestra instituci\u00f3n, reciben una formaci\u00f3n integral que los habilita para su desempe\u00f1o en cualquiera de estas \u00e1reas.\u00a0El Jard\u00edn Maternal, comprende a ni\u00f1os desde los 45 d\u00edas de su nacimiento, hasta los 2 a\u00f1os de edad. Mientras que el Jard\u00edn de Infantes, se ocupa de la educaci\u00f3n de los ni\u00f1os de 3, 4 y 5 a\u00f1os, siendo esta \u00faltima, la edad obligatoria para que el ni\u00f1o asista a este nivel de educaci\u00f3n.\u00a0<\/span><\/p>\n<p><span style=\"font-family: 'trebuchet ms', geneva;\"><span style=\"text-decoration: underline;\"><strong>Plan de estudio:<\/strong><\/span> (<a href=\"https:\/\/isf.edu.ar\/colegio2020\/wp-content\/uploads\/2021\/11\/Estructura-Curricular-Educacion-Inicial.pdf\" target=\"_blank\" rel=\"noopener\"><strong>CLICKEA AQU\u00cd<\/strong><\/a>)<\/span><\/p>\n<p><span style=\"font-family: 'trebuchet ms', geneva;\"><strong><span style=\"text-decoration: underline;\">Duraci\u00f3n:<\/span><\/strong> <span style=\"color: #000000;\">4 a\u00f1os, incluye la residencia.<\/span><\/span><\/p>\n<p><span style=\"font-family: 'trebuchet ms', geneva;\"><strong><span style=\"text-decoration: underline;\">Modalidad:<\/span><\/strong> <span style=\"color: #000000;\">cursado presencial.<\/span><\/span><\/p>\n<p><span style=\"font-family: 'trebuchet ms', geneva;\"><span style=\"text-decoration: underline;\"><strong>Validez del t\u00edtulo:<\/strong><\/span><span style=\"color: #000000;\"> otorga validez nacional seg\u00fan\u00a0Resoluci\u00f3n Ministerial N\u00ba 628\/08 y 679\/14<\/span><\/span><\/p>\n<p><span style=\"font-family: 'trebuchet ms', geneva;\"><strong><span style=\"text-decoration: underline;\">Arancel:<\/span><\/strong> <span style=\"color: #000000;\">consultar en secretar\u00eda<\/span><\/span><\/p>\n<h3><\/h3>\n<h4 style=\"text-align: center;\"><span style=\"font-family: 'trebuchet ms', geneva;\"><strong>PROFESORADO DE EDUCACI\u00d3N PRIMARIA<\/strong><\/span><\/h4>\n<p><span style=\"font-family: 'trebuchet ms', geneva;\"><strong><span style=\"text-decoration: underline;\">\u00bfQu\u00e9 hace un Profesor de Educaci\u00f3n Primaria?<\/span><\/strong><\/span><\/p>\n<p style=\"text-align: justify;\"><span style=\"color: #000000; font-family: 'trebuchet ms', geneva;\">Es un profesional que con s\u00f3lidos conocimientos pedag\u00f3gicos, atento a los cambios y transformaciones propios de la tarea educativa, \u00a0que comprometido con la realidad sociocultural del pa\u00eds con un perfil abierto a las necesidades de los otros, est\u00e1 capacitado para ejercer la docencia en los dos primeros ciclos de la escuela primaria, con ni\u00f1os y adultos, en escuelas urbanas, rurales y centros de alfabetizaci\u00f3n.<\/span><\/p>\n<p><span style=\"font-family: 'trebuchet ms', geneva;\"><strong><span style=\"text-decoration: underline;\">Desempe\u00f1o profesional:<\/span><\/strong><\/span><\/p>\n<p style=\"margin: 0px 0px 10px; text-align: justify;\"><span style=\"color: #000000; font-family: 'trebuchet ms', geneva;\">El egresado podr\u00e1 desempe\u00f1arse en ejercicio de la docencia en escuelas de Nivel Primario del sistema educativo nacional, provincial o municipal, cualquier escuela de Nivel Primario: diurna, nocturna, escuelas rurales, urbanas o centros de alfabetizaci\u00f3n y en el dise\u00f1o de proyectos educativos que respondan a las necesidades escolares y sociales.<\/span><\/p>\n<p><span style=\"font-family: 'trebuchet ms', geneva;\"><span style=\"text-decoration: underline;\"><strong>Plan de estudios:<\/strong><\/span>\u00a0(<a href=\"https:\/\/isf.edu.ar\/colegio2020\/wp-content\/uploads\/2021\/11\/Estructura-Curricular-Educacion-Primaria.pdf\" target=\"_blank\" rel=\"noopener\"><strong>CLICKEA AQU\u00cd<\/strong><\/a>)<\/span><\/p>\n<p><span style=\"font-family: 'trebuchet ms', geneva;\"><span style=\"text-decoration: underline;\"><strong>Duraci\u00f3n:<\/strong><\/span>\u00a0<span style=\"color: #000000;\">4 a\u00f1os, incluye la residencia.<\/span><\/span><\/p>\n<p><span style=\"font-family: 'trebuchet ms', geneva;\"><span style=\"text-decoration: underline;\"><strong>Modalidad:<\/strong><\/span>\u00a0<span style=\"color: #000000;\">cursado presencial.<\/span><\/span><\/p>\n<p><span style=\"font-family: 'trebuchet ms', geneva;\"><span style=\"text-decoration: underline;\"><strong>Validez del t\u00edtulo:<\/strong><\/span><span style=\"color: #000000;\"> otorga validez nacional seg\u00fan\u00a0Resoluci\u00f3n Ministerial N\u00ba\u00a0<\/span>628\/08 y 679\/14<\/span><\/p>\n<p><span style=\"font-family: 'trebuchet ms', geneva;\"><span style=\"text-decoration: underline;\"><strong>Arancel:<\/strong><\/span>\u00a0<span style=\"color: #000000;\">consultar en secretar\u00eda<\/span><\/span><\/p>\n<p style=\"text-align: center;\">\n","protected":false},"excerpt":{"rendered":"<p>PROFESORADO DE EDUCACI\u00d3N INICIAL \u00bfQu\u00e9 hace un Profesor de Educaci\u00f3n Inicial? El profesor de Educaci\u00f3n Inicial, es un profesional capacitado para comprender la conducta del ni\u00f1o y realizar acciones pedag\u00f3gicamente fundadas para optimizar su desarrollo, estimular la creatividad, fomentar el esp\u00edritu de iniciativa, ense\u00f1ar contenidos y comprender las posibilidades de aprendizaje de los ni\u00f1os peque\u00f1os,&hellip;<\/p>\n","protected":false},"author":1,"featured_media":1111,"comment_status":"open","ping_status":"open","sticky":false,"template":"","format":"standard","meta":{"cybocfi_hide_featured_image":"","_jetpack_memberships_contains_paid_content":false,"footnotes":""},"categories":[6],"tags":[],"class_list":["post-43","post","type-post","status-publish","format-standard","has-post-thumbnail","hentry","category-categoria-nivel-superior"],"gutentor_comment":1,"jetpack_featured_media_url":"https:\/\/isf.edu.ar\/colegio2020\/wp-content\/uploads\/2017\/06\/info.jpg","jetpack_sharing_enabled":true,"_links":{"self":[{"href":"https:\/\/isf.edu.ar\/colegio2020\/wp-json\/wp\/v2\/posts\/43","targetHints":{"allow":["GET"]}}],"collection":[{"href":"https:\/\/isf.edu.ar\/colegio2020\/wp-json\/wp\/v2\/posts"}],"about":[{"href":"https:\/\/isf.edu.ar\/colegio2020\/wp-json\/wp\/v2\/types\/post"}],"author":[{"embeddable":true,"href":"https:\/\/isf.edu.ar\/colegio2020\/wp-json\/wp\/v2\/users\/1"}],"replies":[{"embeddable":true,"href":"https:\/\/isf.edu.ar\/colegio2020\/wp-json\/wp\/v2\/comments?post=43"}],"version-history":[{"count":11,"href":"https:\/\/isf.edu.ar\/colegio2020\/wp-json\/wp\/v2\/posts\/43\/revisions"}],"predecessor-version":[{"id":1421,"href":"https:\/\/isf.edu.ar\/colegio2020\/wp-json\/wp\/v2\/posts\/43\/revisions\/1421"}],"wp:featuredmedia":[{"embeddable":true,"href":"https:\/\/isf.edu.ar\/colegio2020\/wp-json\/wp\/v2\/media\/1111"}],"wp:attachment":[{"href":"https:\/\/isf.edu.ar\/colegio2020\/wp-json\/wp\/v2\/media?parent=43"}],"wp:term":[{"taxonomy":"category","embeddable":true,"href":"https:\/\/isf.edu.ar\/colegio2020\/wp-json\/wp\/v2\/categories?post=43"},{"taxonomy":"post_tag","embeddable":true,"href":"https:\/\/isf.edu.ar\/colegio2020\/wp-json\/wp\/v2\/tags?post=43"}],"curies":[{"name":"wp","href":"https:\/\/api.w.org\/{rel}","templated":true}]}}