{"id":13,"date":"2016-12-12T19:35:13","date_gmt":"2016-12-12T18:35:13","guid":{"rendered":"https:\/\/isf.edu.ar\/colegio2020\/historia-de-la-beata-madre-ana-maria-janer\/"},"modified":"2024-09-04T03:44:59","modified_gmt":"2024-09-04T01:44:59","slug":"historia-de-la-beata-madre-ana-maria-janer","status":"publish","type":"post","link":"https:\/\/isf.edu.ar\/colegio2020\/2016\/12\/12\/historia-de-la-beata-madre-ana-maria-janer\/","title":{"rendered":"Historia de la BEATA MADRE ANA MAR\u00cdA JANER"},"content":{"rendered":"<p><img loading=\"lazy\" decoding=\"async\" class=\" alignright size-full wp-image-10\" style=\"float: right;\" src=\"https:\/\/isf.edu.ar\/colegio2020\/wp-content\/uploads\/2016\/12\/AMJ8.jpg\" alt=\"AMJ8\" width=\"269\" height=\"212\" srcset=\"https:\/\/isf.edu.ar\/colegio2020\/wp-content\/uploads\/2016\/12\/AMJ8.jpg 897w, https:\/\/isf.edu.ar\/colegio2020\/wp-content\/uploads\/2016\/12\/AMJ8-300x236.jpg 300w, https:\/\/isf.edu.ar\/colegio2020\/wp-content\/uploads\/2016\/12\/AMJ8-768x605.jpg 768w\" sizes=\"auto, (max-width: 269px) 100vw, 269px\" \/><\/p>\n<p style=\"text-align: center;\"><strong>BEATA MADRE ANA MAR\u00cdA JANER<\/strong><\/p>\n<p style=\"text-align: center;\"><strong>Fundadora del Instituto de Hermanas de la Sagrada Familia de Urgel<\/strong><\/p>\n<p>Ana Mar\u00eda Janer Anglarill naci\u00f3 el 18 de diciembre de 1800 en Cervera (La Segarra \u2013 Lleida \u2013 Di\u00f3cesis de Solsona), en una familia de profundas convicciones cristianas. Fue la tercera de cinco hermanos. A causa de la Guerra del Franc\u00e9s y de sus consecuencias -hambres, epidemias, dolor- se familiariz\u00f3 desde peque\u00f1a con el sufrimiento humano.<\/p>\n<p>A los dieciocho a\u00f1os entr\u00f3 a formar parte de la Hermandad de Caridad del hospital de Castelltort de Cervera.\u00a0 Las hermanas atend\u00edan a los enfermos y pobres del hospital e impart\u00edan clases y catecismo en el Real Colegio de Educandas de la misma ciudad. Despu\u00e9s de profesar, recibi\u00f3 los encargos de maestra de novicias y de superiora.<\/p>\n<p>En 1833 estall\u00f3 la primera guerra carlista y el hospital de Castelltort se convirti\u00f3 en hospital militar. En 1836, la junta del hospital expuls\u00f3 a las hermanas. Durante un curso ejerci\u00f3 de maestra en el Real Colegio de Educandas. Despu\u00e9s de la batalla de Gra, se dirigi\u00f3 a Solsona para ponerse a disposici\u00f3n de la di\u00f3cesis.\u00a0 Su llegada coincidi\u00f3 con la visita de Carlos de Borb\u00f3n que le pidi\u00f3 que coordinara los hospitales de la zona carlista. Despu\u00e9s de consultarlo con sus hermanas, accedi\u00f3 a dicha petici\u00f3n. Se hizo cargo de los hospitales de campa\u00f1a de Solsona, Berga, la Vall d\u2019Ora y la Boixadera.\u00a0 Fue reconocida por los combatientes de los dos bandos como la \u201cMadre\u201d.\u00a0 Acabada la primera guerra carlista, ella y tres hermanas fueron hechas prisioneras y tuvieron que exiliarse en el hospital de San Jos\u00e9 de la Grave de Toulouse.<\/p>\n<p><img loading=\"lazy\" decoding=\"async\" class=\" alignleft size-full wp-image-11\" style=\"float: left;\" src=\"https:\/\/isf.edu.ar\/colegio2020\/wp-content\/uploads\/2016\/12\/Cervera.jpg\" alt=\"Cervera\" width=\"282\" height=\"212\" srcset=\"https:\/\/isf.edu.ar\/colegio2020\/wp-content\/uploads\/2016\/12\/Cervera.jpg 2048w, https:\/\/isf.edu.ar\/colegio2020\/wp-content\/uploads\/2016\/12\/Cervera-300x225.jpg 300w, https:\/\/isf.edu.ar\/colegio2020\/wp-content\/uploads\/2016\/12\/Cervera-768x576.jpg 768w, https:\/\/isf.edu.ar\/colegio2020\/wp-content\/uploads\/2016\/12\/Cervera-1024x768.jpg 1024w, https:\/\/isf.edu.ar\/colegio2020\/wp-content\/uploads\/2016\/12\/Cervera-1568x1176.jpg 1568w\" sizes=\"auto, (max-width: 282px) 100vw, 282px\" \/>En 1844 retorn\u00f3 al hospital de Cervera. Cinco a\u00f1os despu\u00e9s pas\u00f3 como directora a la Casa de Caridad o de Misericordia de la misma ciudad. Albergaba a ni\u00f1os hu\u00e9rfanos, j\u00f3venes discapacitados y ancianos.\u00a0 Tambi\u00e9n se impart\u00edan clases para ni\u00f1os y ni\u00f1as externos.<\/p>\n<p>En 1859 acept\u00f3 la petici\u00f3n del obispo de Urgell, Josep Caixal Estrad\u00e9, y estableci\u00f3 una hermanad de caridad en el hospital de pobres enfermos de La Seu d\u2019Urgell.\u00a0 El 29 de junio de 1859 fund\u00f3 el Instituto de Hermanas de la Sagrada Familia de Urgell, dedicado a la educaci\u00f3n cristiana de ni\u00f1os y j\u00f3venes y a la asistencia de enfermos y ancianos. En 1860 el obispo de Urgell aprob\u00f3 las Reglas y Constituciones del Instituto.\u00a0 La Casa de Caridad de Cervera se uni\u00f3 al nuevo Instituto.<\/p>\n<p>En 1863 fund\u00f3 personalmente el colegio de Cervera, el Hospital de Tremp.\u00a0 M\u00e1s adelante, entre otros, el colegio de Oliana (1864), el asilo de Sant Andreu de Palomar (1866), y los colegios de Ll\u00edvia (1868) y de Les Avellanes (1872). Las hermanas obten\u00edan por concurso la plaza oficial de maestra. Durante su vida tuvieron lugar veintitr\u00e9s fundaciones.<\/p>\n<p><img loading=\"lazy\" decoding=\"async\" class=\" alignright size-full wp-image-12\" style=\"float: right;\" src=\"https:\/\/isf.edu.ar\/colegio2020\/wp-content\/uploads\/2016\/12\/AMJ22.jpg\" alt=\"AMJ22\" width=\"245\" height=\"245\" srcset=\"https:\/\/isf.edu.ar\/colegio2020\/wp-content\/uploads\/2016\/12\/AMJ22.jpg 800w, https:\/\/isf.edu.ar\/colegio2020\/wp-content\/uploads\/2016\/12\/AMJ22-150x150.jpg 150w, https:\/\/isf.edu.ar\/colegio2020\/wp-content\/uploads\/2016\/12\/AMJ22-300x300.jpg 300w, https:\/\/isf.edu.ar\/colegio2020\/wp-content\/uploads\/2016\/12\/AMJ22-768x768.jpg 768w\" sizes=\"auto, (max-width: 245px) 100vw, 245px\" \/>Con la revoluci\u00f3n de 1868, numerosas comunidades fueron disueltas y las hermanas se dispersaron. Entre 1874 y 1880 sufri\u00f3 el ostracismo dentro del mismo Instituto debido a la nueva orientaci\u00f3n que quiso darle un director espiritual.<\/p>\n<p>En 1880 se celebr\u00f3 en Talarn el primer cap\u00edtulo general que la eligi\u00f3 can\u00f3nicamente como superiora general.\u00a0 En 1883 fue elegida vicaria y primera consejera general.\u00a0 Pas\u00f3 los \u00faltimos a\u00f1os de su vida en este pueblo leridano rodeada de alumnas, de formadoras y de j\u00f3venes profesas.\u00a0 Pidi\u00f3 morir en el suelo como penitente por amor a Cristo.\u00a0 Muri\u00f3 el 11 de enero de 1885, en Talarn (Pallars Juss\u00e0 \u2013 Lleida \u2013 Di\u00f3cesis de Urgell- Espa\u00f1a).<\/p>\n","protected":false},"excerpt":{"rendered":"<p>BEATA MADRE ANA MAR\u00cdA JANER Fundadora del Instituto de Hermanas de la Sagrada Familia de Urgel Ana Mar\u00eda Janer Anglarill naci\u00f3 el 18 de diciembre de 1800 en Cervera (La Segarra \u2013 Lleida \u2013 Di\u00f3cesis de Solsona), en una familia de profundas convicciones cristianas. Fue la tercera de cinco hermanos. A causa de la Guerra&hellip;<\/p>\n","protected":false},"author":1,"featured_media":10,"comment_status":"open","ping_status":"open","sticky":false,"template":"","format":"standard","meta":{"cybocfi_hide_featured_image":"","_jetpack_memberships_contains_paid_content":false,"footnotes":""},"categories":[2],"tags":[],"class_list":["post-13","post","type-post","status-publish","format-standard","has-post-thumbnail","hentry","category-principal"],"gutentor_comment":0,"jetpack_featured_media_url":"https:\/\/isf.edu.ar\/colegio2020\/wp-content\/uploads\/2016\/12\/AMJ8.jpg","jetpack_sharing_enabled":true,"_links":{"self":[{"href":"https:\/\/isf.edu.ar\/colegio2020\/wp-json\/wp\/v2\/posts\/13","targetHints":{"allow":["GET"]}}],"collection":[{"href":"https:\/\/isf.edu.ar\/colegio2020\/wp-json\/wp\/v2\/posts"}],"about":[{"href":"https:\/\/isf.edu.ar\/colegio2020\/wp-json\/wp\/v2\/types\/post"}],"author":[{"embeddable":true,"href":"https:\/\/isf.edu.ar\/colegio2020\/wp-json\/wp\/v2\/users\/1"}],"replies":[{"embeddable":true,"href":"https:\/\/isf.edu.ar\/colegio2020\/wp-json\/wp\/v2\/comments?post=13"}],"version-history":[{"count":5,"href":"https:\/\/isf.edu.ar\/colegio2020\/wp-json\/wp\/v2\/posts\/13\/revisions"}],"predecessor-version":[{"id":2209,"href":"https:\/\/isf.edu.ar\/colegio2020\/wp-json\/wp\/v2\/posts\/13\/revisions\/2209"}],"wp:featuredmedia":[{"embeddable":true,"href":"https:\/\/isf.edu.ar\/colegio2020\/wp-json\/wp\/v2\/media\/10"}],"wp:attachment":[{"href":"https:\/\/isf.edu.ar\/colegio2020\/wp-json\/wp\/v2\/media?parent=13"}],"wp:term":[{"taxonomy":"category","embeddable":true,"href":"https:\/\/isf.edu.ar\/colegio2020\/wp-json\/wp\/v2\/categories?post=13"},{"taxonomy":"post_tag","embeddable":true,"href":"https:\/\/isf.edu.ar\/colegio2020\/wp-json\/wp\/v2\/tags?post=13"}],"curies":[{"name":"wp","href":"https:\/\/api.w.org\/{rel}","templated":true}]}}