{"id":1213,"date":"2021-02-26T19:52:28","date_gmt":"2021-02-26T18:52:28","guid":{"rendered":"https:\/\/isf.edu.ar\/colegio2020\/?p=1213"},"modified":"2023-07-29T03:02:46","modified_gmt":"2023-07-29T01:02:46","slug":"segunda-informacion-para-padres","status":"publish","type":"post","link":"https:\/\/isf.edu.ar\/colegio2020\/2021\/02\/26\/segunda-informacion-para-padres\/","title":{"rendered":"Segunda Informaci\u00f3n para Padres"},"content":{"rendered":"\n<p class=\"has-text-align-right\">Cosqu\u00edn, 26 de febrero de 2021.<\/p>\n\n\n\n<p>Estimadas familias:<\/p>\n\n\n\n<p>A pocos d\u00edas de iniciar este nuevo ciclo lectivo, con presencialidad, necesitamos informales sobre algunas cuestiones pr\u00e1cticas que tienen que ver con el cumplimiento del protocolo para poder asistir la semana pr\u00f3xima, seg\u00fan el cronograma comunicado la semana anterior.<\/p>\n\n\n\n<p>Esperando que hayan podido leer atenta y detenidamente el protocolo es que les recordamos:<\/p>\n\n\n\n<p>En cuanto al <strong>ingreso y egreso<\/strong> del Centro Educativo:<\/p>\n\n\n\n<ul class=\"wp-block-list\"><li>Antes de retirarse de su domicilio y dirigirse al CE, todos los estudiantes deber\u00e1n encontrarse en <strong>buen estado de salud<\/strong> (sin ning\u00fan tipo de s\u00edntomas o signos de enfermedad)<\/li><li>En caso de que el estudiante sea acompa\u00f1ado por personas adultas, deber\u00e1 hacerlo solo un <strong>(1) adulto responsable<\/strong> para el ingreso y su retiro desde la puerta. Por protocolo, los acompa\u00f1antes no pueden ingresar a la instituci\u00f3n.<\/li><li>Es importante el lavado de manos antes de la salida del domicilio y se deber\u00e1 hacer un buen uso del <strong>tapaboca\/barbijo<\/strong> durante el trayecto hasta el CE.<\/li><li>Respetar el <strong>distanciamiento social<\/strong> al ingreso a la escuela, respetando toda se\u00f1al\u00e9tica.<\/li><li>Al momento de la entrada al CE se <strong>controlar\u00e1 la temperatura<\/strong> del alumno\/a. En caso de fiebre se limitar\u00e1 el ingreso (37.5\u00b0C o m\u00e1s).<\/li><li><strong>Higiene de manos<\/strong> con alcohol en gel o alcohol diluido.<\/li><li>Los estudiantes deber\u00e1n ingresar a la instituci\u00f3n con su kit individual: barbijo o tapaboca, alcohol en gel, botella de agua.<\/li><li>Traer cuaderno y lapicera.<\/li><\/ul>\n\n\n\n<p><strong>Ingresos y egresos habilitados para la semana del 01 al 05\/03: <\/strong>Por el SUM del colegio por calle Pte. Per\u00f3n. Puerta de madera y port\u00f3n. Respetar puntualidad y distanciamiento antes de ingresar.<\/p>\n\n\n\n<p>Lunes 01\/03: 1\u00b0 a\u00f1o (8:00 a 10:00 hs.) y 2\u00b0 a\u00f1o (10:30 a 12:30 hs.).<\/p>\n\n\n\n<p>Martes 02\/03: 3\u00b0 a\u00f1o (8:00 a 10:00 hs.) y 4\u00b0 a\u00f1o (10:30 a 12:30 hs.)<\/p>\n\n\n\n<p>Mi\u00e9rcoles 03\/03: 5\u00b0 a\u00f1o (8:00 a 10:00 hs.) y 6\u00b0 a\u00f1o (10:30 a 12:30 hs.)<\/p>\n\n\n\n<p>Jueves 04\/03: 1\u00b0 a\u00f1o A (8:00 a 10:00 hs.) y 1\u00b0 a\u00f1o B (10:30 a 12:30 hs.)<\/p>\n\n\n\n<p>Teniendo en cuenta que en el transcurso de la semana se armar\u00e1n, cada d\u00eda, las diferentes burbujas de los diferentes cursos, se solicita a los estudiantes que informen sobre situaciones particulares, a sus preceptores, en ese mismo momento, ya que en ese mismo d\u00eda cada alumno se retirar\u00e1 sabiendo que burbuja conforma y a partir del lunes 08\/03 no se podr\u00e1n realizar cambios en las mismas, por estricto cumplimiento del protocolo enviado por el Ministerio de Educaci\u00f3n de nuestra provincia.<\/p>\n\n\n\n<p>Se solicita enviar con sus hijos, el primer d\u00eda asignado a concurrir presencialmente, sus v\u00edas de contactos (correos o n\u00fameros de celulares) para poder actualizar los que ya tenemos.<\/p>\n\n\n\n<p>Sin m\u00e1s, a la espera de reencontrarnos como familia janeriana, los esperamos con gran alegr\u00eda y entusiasmo.&nbsp; Atte.<\/p>\n\n\n\n<p class=\"has-text-align-right\">La Direcci\u00f3n.<\/p>\n","protected":false},"excerpt":{"rendered":"<p>Cosqu\u00edn, 26 de febrero de 2021. Estimadas familias: A pocos d\u00edas de iniciar este nuevo ciclo lectivo, con presencialidad, necesitamos informales sobre algunas cuestiones pr\u00e1cticas que tienen que ver con el cumplimiento del protocolo para poder asistir la semana pr\u00f3xima, seg\u00fan el cronograma comunicado la semana anterior. Esperando que hayan podido leer atenta y detenidamente&hellip;<\/p>\n","protected":false},"author":1,"featured_media":1060,"comment_status":"closed","ping_status":"open","sticky":false,"template":"","format":"standard","meta":{"cybocfi_hide_featured_image":"","_jetpack_memberships_contains_paid_content":false,"footnotes":""},"categories":[7],"tags":[],"class_list":["post-1213","post","type-post","status-publish","format-standard","has-post-thumbnail","hentry","category-noticias-nivel-medio"],"gutentor_comment":0,"jetpack_featured_media_url":"https:\/\/isf.edu.ar\/colegio2020\/wp-content\/uploads\/2020\/09\/Noticias-Secundario.jpg","jetpack_sharing_enabled":true,"_links":{"self":[{"href":"https:\/\/isf.edu.ar\/colegio2020\/wp-json\/wp\/v2\/posts\/1213","targetHints":{"allow":["GET"]}}],"collection":[{"href":"https:\/\/isf.edu.ar\/colegio2020\/wp-json\/wp\/v2\/posts"}],"about":[{"href":"https:\/\/isf.edu.ar\/colegio2020\/wp-json\/wp\/v2\/types\/post"}],"author":[{"embeddable":true,"href":"https:\/\/isf.edu.ar\/colegio2020\/wp-json\/wp\/v2\/users\/1"}],"replies":[{"embeddable":true,"href":"https:\/\/isf.edu.ar\/colegio2020\/wp-json\/wp\/v2\/comments?post=1213"}],"version-history":[{"count":1,"href":"https:\/\/isf.edu.ar\/colegio2020\/wp-json\/wp\/v2\/posts\/1213\/revisions"}],"predecessor-version":[{"id":1214,"href":"https:\/\/isf.edu.ar\/colegio2020\/wp-json\/wp\/v2\/posts\/1213\/revisions\/1214"}],"wp:featuredmedia":[{"embeddable":true,"href":"https:\/\/isf.edu.ar\/colegio2020\/wp-json\/wp\/v2\/media\/1060"}],"wp:attachment":[{"href":"https:\/\/isf.edu.ar\/colegio2020\/wp-json\/wp\/v2\/media?parent=1213"}],"wp:term":[{"taxonomy":"category","embeddable":true,"href":"https:\/\/isf.edu.ar\/colegio2020\/wp-json\/wp\/v2\/categories?post=1213"},{"taxonomy":"post_tag","embeddable":true,"href":"https:\/\/isf.edu.ar\/colegio2020\/wp-json\/wp\/v2\/tags?post=1213"}],"curies":[{"name":"wp","href":"https:\/\/api.w.org\/{rel}","templated":true}]}}