{"id":1203,"date":"2021-02-22T13:17:31","date_gmt":"2021-02-22T12:17:31","guid":{"rendered":"https:\/\/isf.edu.ar\/colegio2020\/?p=1203"},"modified":"2021-03-31T18:42:18","modified_gmt":"2021-03-31T16:42:18","slug":"circular-no5-19-02-2021","status":"publish","type":"post","link":"https:\/\/isf.edu.ar\/colegio2020\/2021\/02\/22\/circular-no5-19-02-2021\/","title":{"rendered":"Informaci\u00f3n para Padres &#8211; Nivel Secundario &#8211; 19\/02\/2021"},"content":{"rendered":"\n<p class=\"has-text-align-right\">Cosqu\u00edn, 19 de febrero de 2021.<\/p>\n\n\n\n<p>Estimadas familias:<\/p>\n\n\n\n<p>Esperamos que se encuentren bien, sobre todo con salud y contentos por este reinicio tan esperado, sabiendo que lo primordial es cuidarnos entre todos.<\/p>\n\n\n\n<p>Lleg\u00f3 el tiempo de abrir nuevamente las puertas de nuestras escuelas y de recuperar, de a poco y con todas las prevenciones, el espacio del aula. Ahora es nuestra misi\u00f3n, cuidar la escuela para que ella nos siga cuidando, de prepararla, de planificar sus espacios, sus din\u00e1micas, los modos de habitarla y de recorrerla, de manera que se constituyan en espacios seguros en el marco de la pandemia que continuamos viviendo.<\/p>\n\n\n\n<p>Por lo expuesto anteriormente, les compartimos un archivo con el Protocolo enviado por el Ministerio de Educaci\u00f3n de la provincia de C\u00f3rdoba donde detalla las recomendaciones a tener en cuenta para prepararnos para este inicio de las clases, documento que todos debemos conocer y colaborar para su cumplimiento.<\/p>\n\n\n\n<p>En cuanto a la comunicaci\u00f3n:<\/p>\n\n\n\n<p>Dado que el personal directivo, docente, preceptores y administrativos ya estamos en la escuela en nuestros horarios habituales, donde podr\u00e1n comunicarse ante cualquier consulta a trav\u00e9s de los tel\u00e9fonos fijos de la instituci\u00f3n: 3541 -451532 o 3541 -450838. Cuando comiencen las clases se les dar\u00e1 a conocer a los alumnos otros canales posibles.<\/p>\n\n\n\n<p>En cuanto a la organizaci\u00f3n escolar para estas primeras semanas, les comunicamos que:<\/p>\n\n\n\n<p><strong>Semana del 22\/02 al 26\/02:<\/strong><\/p>\n\n\n\n<ul class=\"wp-block-list\"><li>Se recuperan los aprendizajes pendientes, correspondientes al ciclo lectivo 2020. Cada estudiante deber\u00e1 ingresar al aula virtual para comunicarse con sus docentes.<\/li><li>Ex\u00e1menes previos y equivalencias de todas las cohortes.<\/li><li>Reuni\u00f3n virtual de padres para 1\u00b0 a\u00f1o, el d\u00eda viernes 26 de febrero a las 8:00 hs. El enlace de Zoom ser\u00e1 enviado por correo electr\u00f3nico el d\u00eda jueves.<\/li><\/ul>\n\n\n\n<p><strong>Semana del 01\/03 al 05\/03:<\/strong><\/p>\n\n\n\n<ul class=\"wp-block-list\"><li>Inicio del ciclo lectivo 2021.<\/li><\/ul>\n\n\n\n<p>Se dar\u00e1n a conocer a los estudiantes los protocolos, se realizar\u00e1n la distribuci\u00f3n de burbujas, se informar\u00e1 sobre los horarios del dictado de clases y otras informaciones:<\/p>\n\n\n\n<p>Lunes 01\/03: 1\u00b0 a\u00f1o (8:00 a 10:00 hs.) y 2\u00b0 a\u00f1o (10:30 a 12:30 hs.).<\/p>\n\n\n\n<p>Martes 02\/03: 3\u00b0 a\u00f1o (8:00 a 10:00 hs.) y 4\u00b0 a\u00f1o (10:30 a 12:30 hs.)<\/p>\n\n\n\n<p>Mi\u00e9rcoles 03\/03: 5\u00b0 a\u00f1o (8:00 a 10:00 hs.) y 6\u00b0 a\u00f1o (10:30 a 12:30 hs.)<\/p>\n\n\n\n<p>Jueves 04\/03: 1\u00b0 a\u00f1o A (8:00 a 10:00 hs.) y 1\u00b0 a\u00f1o B (10:30 a 12:30 hs.)<\/p>\n\n\n\n<p>Se informar\u00e1, oportunamente, cu\u00e1les ser\u00e1n los ingresos habilitados para los alumnos durante esos d\u00edas.<\/p>\n\n\n\n<p>Sin m\u00e1s, pidamos a nuestra Madre Ana Mar\u00eda que nos bendiga y acompa\u00f1e en este nuevo a\u00f1o y nos de las fuerzas necesarias para continuar.&nbsp; Atte.<\/p>\n\n\n\n<p class=\"has-text-align-right\">La Direcci\u00f3n.<\/p>\n\n\n\n<div class=\"wp-block-file\"><a href=\"https:\/\/isf.edu.ar\/colegio2020\/wp-content\/uploads\/2021\/02\/Protocolo.pdf\">Protocolo<\/a><a href=\"https:\/\/isf.edu.ar\/colegio2020\/wp-content\/uploads\/2021\/02\/Protocolo.pdf\" class=\"wp-block-file__button\" download>Descarga<\/a><\/div>\n","protected":false},"excerpt":{"rendered":"<p>Cosqu\u00edn, 19 de febrero de 2021. Estimadas familias: Esperamos que se encuentren bien, sobre todo con salud y contentos por este reinicio tan esperado, sabiendo que lo primordial es cuidarnos entre todos. Lleg\u00f3 el tiempo de abrir nuevamente las puertas de nuestras escuelas y de recuperar, de a poco y con todas las prevenciones, el&hellip;<\/p>\n","protected":false},"author":1,"featured_media":1060,"comment_status":"closed","ping_status":"open","sticky":false,"template":"","format":"standard","meta":{"cybocfi_hide_featured_image":"","_jetpack_memberships_contains_paid_content":false,"footnotes":""},"categories":[7],"tags":[],"class_list":["post-1203","post","type-post","status-publish","format-standard","has-post-thumbnail","hentry","category-noticias-nivel-medio"],"gutentor_comment":0,"jetpack_featured_media_url":"https:\/\/isf.edu.ar\/colegio2020\/wp-content\/uploads\/2020\/09\/Noticias-Secundario.jpg","jetpack_sharing_enabled":true,"_links":{"self":[{"href":"https:\/\/isf.edu.ar\/colegio2020\/wp-json\/wp\/v2\/posts\/1203","targetHints":{"allow":["GET"]}}],"collection":[{"href":"https:\/\/isf.edu.ar\/colegio2020\/wp-json\/wp\/v2\/posts"}],"about":[{"href":"https:\/\/isf.edu.ar\/colegio2020\/wp-json\/wp\/v2\/types\/post"}],"author":[{"embeddable":true,"href":"https:\/\/isf.edu.ar\/colegio2020\/wp-json\/wp\/v2\/users\/1"}],"replies":[{"embeddable":true,"href":"https:\/\/isf.edu.ar\/colegio2020\/wp-json\/wp\/v2\/comments?post=1203"}],"version-history":[{"count":4,"href":"https:\/\/isf.edu.ar\/colegio2020\/wp-json\/wp\/v2\/posts\/1203\/revisions"}],"predecessor-version":[{"id":1215,"href":"https:\/\/isf.edu.ar\/colegio2020\/wp-json\/wp\/v2\/posts\/1203\/revisions\/1215"}],"wp:featuredmedia":[{"embeddable":true,"href":"https:\/\/isf.edu.ar\/colegio2020\/wp-json\/wp\/v2\/media\/1060"}],"wp:attachment":[{"href":"https:\/\/isf.edu.ar\/colegio2020\/wp-json\/wp\/v2\/media?parent=1203"}],"wp:term":[{"taxonomy":"category","embeddable":true,"href":"https:\/\/isf.edu.ar\/colegio2020\/wp-json\/wp\/v2\/categories?post=1203"},{"taxonomy":"post_tag","embeddable":true,"href":"https:\/\/isf.edu.ar\/colegio2020\/wp-json\/wp\/v2\/tags?post=1203"}],"curies":[{"name":"wp","href":"https:\/\/api.w.org\/{rel}","templated":true}]}}